{"id":5740,"date":"2020-01-13T17:26:03","date_gmt":"2020-01-13T17:26:03","guid":{"rendered":"https:\/\/www.calcetinespersonalizados.es\/?p=5740"},"modified":"2020-07-24T07:36:47","modified_gmt":"2020-07-24T07:36:47","slug":"la-revolucion-sostenible","status":"publish","type":"post","link":"https:\/\/www.calcetinespersonalizados.es\/ca\/la-revolucion-sostenible\/","title":{"rendered":"La Revoluci\u00f3n Sostenible"},"content":{"rendered":"<section class=\"wpb-content-wrapper\"><p>[vc_row][vc_column][vc_column_text]<span style=\"text-decoration: underline;\">LA REVOLUCI\u00d3 SOSTENIBLE<\/span><\/p>\n<p>La nostra empresa Calcelinea, preocupada pel medi ambient, avui el packaging s&#8217;ha convertit en una q\u00fcesti\u00f3 multidisciplinar on entren en joc el disseny, el m\u00e0rqueting, la comunicaci\u00f3, la sostenibilitat, estrat\u00e8gia de vendes, els processos de fabricaci\u00f3, la log\u00edstica i la distribuci\u00f3 dels nostres mitjons i leotards.<\/p>\n<p><span style=\"text-decoration: underline;\">CONSUMIDOR M\u00c9S EXIGENT<\/span><\/p>\n<p>El nostre repte en Calcelinea \u00e9s desenvolupar estrat\u00e8gies de packaging m\u00e9s sostenibles i compromeses amb les exig\u00e8ncies dels nostres clients, destinem els nostres esfor\u00e7os en el redisseny d&#8217;envasos i embalatges amb l&#8217;objectiu de facilitar el seu reciclatge i maximitzar l&#8217;aprofitament, que utilitzem en els nostres productes de mitjons i leotards.<\/p>\n<p><span style=\"text-decoration: underline;\">RESPECTEM EL MEDI AMBIENT<\/span><\/p>\n<p>La consci\u00e8ncia ecol\u00f2gica ha arribat a el punt d&#8217;influir en el comportament de consumidor, qui busca empreses implicades en el canvi i que s&#8217;utilitzin embalatges ecol\u00f2gics com el cartr\u00f3 o els seus diferents formats de bosses de paper, que Calcelinea proposa en els seus articles de mitjons i leotards .<\/p>\n<p>El 80% dels nostres clients agraeixen que l&#8217;embalatge garanteixi que el producte li arribar\u00e0 protegit i en perfectes condicions per\u00f2 sense sobredimensionar el packaging dels nostres productes t\u00e8xtils de mitjons i leotards.[\/vc_column_text][\/vc_column][\/vc_row]<\/p>\n<\/section>","protected":false},"excerpt":{"rendered":"<p>La nostra empresa Calcelinea, preocupada pel medi ambient, avui el packaging s&#8217;ha convertit en una q\u00fcesti\u00f3 multidisciplinar on entren en joc el disseny, el m\u00e0rqueting, la comunicaci\u00f3, la sostenibilitat, estrat\u00e8gia de vendes, els processos de fabricaci\u00f3, la log\u00edstica i la distribuci\u00f3 dels nostres mitjons i leotards.<\/p>\n","protected":false},"author":1,"featured_media":5738,"comment_status":"closed","ping_status":"closed","sticky":false,"template":"","format":"standard","meta":{"_acf_changed":false,"footnotes":""},"categories":[538],"tags":[],"class_list":["post-5740","post","type-post","status-publish","format-standard","has-post-thumbnail","hentry","category-noves-tendencies"],"acf":[],"yoast_head":"<!-- This site is optimized with the Yoast SEO plugin v27.5 - https:\/\/yoast.com\/product\/yoast-seo-wordpress\/ -->\n<title>La Revoluci\u00f3n Sostenible - Calcelinea S.L. - Fabricants de Mitjons<\/title>\n<meta name=\"robots\" content=\"index, follow, max-snippet:-1, max-image-preview:large, max-video-preview:-1\" \/>\n<link rel=\"canonical\" href=\"https:\/\/www.calcetinespersonalizados.es\/ca\/la-revolucion-sostenible\/\" \/>\n<meta property=\"og:locale\" content=\"ca_ES\" \/>\n<meta property=\"og:type\" content=\"article\" \/>\n<meta property=\"og:title\" content=\"La Revoluci\u00f3n Sostenible - Calcelinea S.L. - Fabricants de Mitjons\" \/>\n<meta property=\"og:description\" content=\"La nostra empresa Calcelinea, preocupada pel medi ambient, avui el packaging s&#039;ha convertit en una q\u00fcesti\u00f3 multidisciplinar on entren en joc el disseny, el m\u00e0rqueting, la comunicaci\u00f3, la sostenibilitat, estrat\u00e8gia de vendes, els processos de fabricaci\u00f3, la log\u00edstica i la distribuci\u00f3 dels nostres mitjons i leotards.\" \/>\n<meta property=\"og:url\" content=\"https:\/\/www.calcetinespersonalizados.es\/ca\/la-revolucion-sostenible\/\" \/>\n<meta property=\"og:site_name\" content=\"Calcelinea S.L. - Fabricants de Mitjons\" \/>\n<meta property=\"article:publisher\" content=\"https:\/\/www.facebook.com\/doremi.doremicalcelinea\" \/>\n<meta property=\"article:published_time\" content=\"2020-01-13T17:26:03+00:00\" \/>\n<meta property=\"article:modified_time\" content=\"2020-07-24T07:36:47+00:00\" \/>\n<meta property=\"og:image\" content=\"https:\/\/www.calcetinespersonalizados.es\/wp-content\/uploads\/2020\/01\/medio-ambiente.jpg\" \/>\n\t<meta property=\"og:image:width\" content=\"750\" \/>\n\t<meta property=\"og:image:height\" content=\"500\" \/>\n\t<meta property=\"og:image:type\" content=\"image\/jpeg\" \/>\n<meta name=\"author\" content=\"Ricardo\" \/>\n<meta name=\"twitter:card\" content=\"summary_large_image\" \/>\n<meta name=\"twitter:label1\" content=\"Escrit per\" \/>\n\t<meta name=\"twitter:data1\" content=\"Ricardo\" \/>\n\t<meta name=\"twitter:label2\" content=\"Temps estimat de lectura\" \/>\n\t<meta name=\"twitter:data2\" content=\"1 minut\" \/>\n<script type=\"application\/ld+json\" class=\"yoast-schema-graph\">{\"@context\":\"https:\\\/\\\/schema.org\",\"@graph\":[{\"@type\":\"Article\",\"@id\":\"https:\\\/\\\/www.calcetinespersonalizados.es\\\/ca\\\/la-revolucion-sostenible\\\/#article\",\"isPartOf\":{\"@id\":\"https:\\\/\\\/www.calcetinespersonalizados.es\\\/ca\\\/la-revolucion-sostenible\\\/\"},\"author\":{\"name\":\"Ricardo\",\"@id\":\"https:\\\/\\\/www.calcetinespersonalizados.es\\\/ca\\\/#\\\/schema\\\/person\\\/8bcc6def43fcadc082f13ac28556d9fe\"},\"headline\":\"La Revoluci\u00f3n Sostenible\",\"datePublished\":\"2020-01-13T17:26:03+00:00\",\"dateModified\":\"2020-07-24T07:36:47+00:00\",\"mainEntityOfPage\":{\"@id\":\"https:\\\/\\\/www.calcetinespersonalizados.es\\\/ca\\\/la-revolucion-sostenible\\\/\"},\"wordCount\":224,\"publisher\":{\"@id\":\"https:\\\/\\\/www.calcetinespersonalizados.es\\\/ca\\\/#organization\"},\"image\":{\"@id\":\"https:\\\/\\\/www.calcetinespersonalizados.es\\\/ca\\\/la-revolucion-sostenible\\\/#primaryimage\"},\"thumbnailUrl\":\"https:\\\/\\\/www.calcetinespersonalizados.es\\\/wp-content\\\/uploads\\\/2020\\\/01\\\/medio-ambiente.jpg\",\"articleSection\":[\"Noves tend\u00e8ncies\"],\"inLanguage\":\"ca\"},{\"@type\":\"WebPage\",\"@id\":\"https:\\\/\\\/www.calcetinespersonalizados.es\\\/ca\\\/la-revolucion-sostenible\\\/\",\"url\":\"https:\\\/\\\/www.calcetinespersonalizados.es\\\/ca\\\/la-revolucion-sostenible\\\/\",\"name\":\"La Revoluci\u00f3n Sostenible - Calcelinea S.L. - Fabricants de Mitjons\",\"isPartOf\":{\"@id\":\"https:\\\/\\\/www.calcetinespersonalizados.es\\\/ca\\\/#website\"},\"primaryImageOfPage\":{\"@id\":\"https:\\\/\\\/www.calcetinespersonalizados.es\\\/ca\\\/la-revolucion-sostenible\\\/#primaryimage\"},\"image\":{\"@id\":\"https:\\\/\\\/www.calcetinespersonalizados.es\\\/ca\\\/la-revolucion-sostenible\\\/#primaryimage\"},\"thumbnailUrl\":\"https:\\\/\\\/www.calcetinespersonalizados.es\\\/wp-content\\\/uploads\\\/2020\\\/01\\\/medio-ambiente.jpg\",\"datePublished\":\"2020-01-13T17:26:03+00:00\",\"dateModified\":\"2020-07-24T07:36:47+00:00\",\"breadcrumb\":{\"@id\":\"https:\\\/\\\/www.calcetinespersonalizados.es\\\/ca\\\/la-revolucion-sostenible\\\/#breadcrumb\"},\"inLanguage\":\"ca\",\"potentialAction\":[{\"@type\":\"ReadAction\",\"target\":[\"https:\\\/\\\/www.calcetinespersonalizados.es\\\/ca\\\/la-revolucion-sostenible\\\/\"]}]},{\"@type\":\"ImageObject\",\"inLanguage\":\"ca\",\"@id\":\"https:\\\/\\\/www.calcetinespersonalizados.es\\\/ca\\\/la-revolucion-sostenible\\\/#primaryimage\",\"url\":\"https:\\\/\\\/www.calcetinespersonalizados.es\\\/wp-content\\\/uploads\\\/2020\\\/01\\\/medio-ambiente.jpg\",\"contentUrl\":\"https:\\\/\\\/www.calcetinespersonalizados.es\\\/wp-content\\\/uploads\\\/2020\\\/01\\\/medio-ambiente.jpg\",\"width\":750,\"height\":500,\"caption\":\"Fabricantes de calcetines\"},{\"@type\":\"BreadcrumbList\",\"@id\":\"https:\\\/\\\/www.calcetinespersonalizados.es\\\/ca\\\/la-revolucion-sostenible\\\/#breadcrumb\",\"itemListElement\":[{\"@type\":\"ListItem\",\"position\":1,\"name\":\"Portada\",\"item\":\"https:\\\/\\\/www.calcetinespersonalizados.es\\\/ca\\\/\"},{\"@type\":\"ListItem\",\"position\":2,\"name\":\"La Revoluci\u00f3n Sostenible\"}]},{\"@type\":\"WebSite\",\"@id\":\"https:\\\/\\\/www.calcetinespersonalizados.es\\\/ca\\\/#website\",\"url\":\"https:\\\/\\\/www.calcetinespersonalizados.es\\\/ca\\\/\",\"name\":\"Calcelinea S.L. - Fabricants de Mitjons\",\"description\":\"Fabricants de Mitjons\",\"publisher\":{\"@id\":\"https:\\\/\\\/www.calcetinespersonalizados.es\\\/ca\\\/#organization\"},\"alternateName\":\"Calcelinea SL\",\"potentialAction\":[{\"@type\":\"SearchAction\",\"target\":{\"@type\":\"EntryPoint\",\"urlTemplate\":\"https:\\\/\\\/www.calcetinespersonalizados.es\\\/ca\\\/?s={search_term_string}\"},\"query-input\":{\"@type\":\"PropertyValueSpecification\",\"valueRequired\":true,\"valueName\":\"search_term_string\"}}],\"inLanguage\":\"ca\"},{\"@type\":\"Organization\",\"@id\":\"https:\\\/\\\/www.calcetinespersonalizados.es\\\/ca\\\/#organization\",\"name\":\"Fabricantes de calcetines personalizados - Calcelinea S.L.\",\"url\":\"https:\\\/\\\/www.calcetinespersonalizados.es\\\/ca\\\/\",\"logo\":{\"@type\":\"ImageObject\",\"inLanguage\":\"ca\",\"@id\":\"https:\\\/\\\/www.calcetinespersonalizados.es\\\/ca\\\/#\\\/schema\\\/logo\\\/image\\\/\",\"url\":\"https:\\\/\\\/www.calcetinespersonalizados.es\\\/wp-content\\\/uploads\\\/2017\\\/12\\\/logo@x2.png\",\"contentUrl\":\"https:\\\/\\\/www.calcetinespersonalizados.es\\\/wp-content\\\/uploads\\\/2017\\\/12\\\/logo@x2.png\",\"width\":264,\"height\":72,\"caption\":\"Fabricantes de calcetines personalizados - Calcelinea S.L.\"},\"image\":{\"@id\":\"https:\\\/\\\/www.calcetinespersonalizados.es\\\/ca\\\/#\\\/schema\\\/logo\\\/image\\\/\"},\"sameAs\":[\"https:\\\/\\\/www.facebook.com\\\/doremi.doremicalcelinea\"]},{\"@type\":\"Person\",\"@id\":\"https:\\\/\\\/www.calcetinespersonalizados.es\\\/ca\\\/#\\\/schema\\\/person\\\/8bcc6def43fcadc082f13ac28556d9fe\",\"name\":\"Ricardo\",\"image\":{\"@type\":\"ImageObject\",\"inLanguage\":\"ca\",\"@id\":\"https:\\\/\\\/secure.gravatar.com\\\/avatar\\\/f8c6ff9944232ce50a007b9bded2a1956f446e004955226ae34724888822972c?s=96&d=mm&r=g\",\"url\":\"https:\\\/\\\/secure.gravatar.com\\\/avatar\\\/f8c6ff9944232ce50a007b9bded2a1956f446e004955226ae34724888822972c?s=96&d=mm&r=g\",\"contentUrl\":\"https:\\\/\\\/secure.gravatar.com\\\/avatar\\\/f8c6ff9944232ce50a007b9bded2a1956f446e004955226ae34724888822972c?s=96&d=mm&r=g\",\"caption\":\"Ricardo\"},\"url\":\"https:\\\/\\\/www.calcetinespersonalizados.es\\\/ca\\\/author\\\/calceroot\\\/\"}]}<\/script>\n<!-- \/ Yoast SEO plugin. -->","yoast_head_json":{"title":"La Revoluci\u00f3n Sostenible - Calcelinea S.L. - Fabricants de Mitjons","robots":{"index":"index","follow":"follow","max-snippet":"max-snippet:-1","max-image-preview":"max-image-preview:large","max-video-preview":"max-video-preview:-1"},"canonical":"https:\/\/www.calcetinespersonalizados.es\/ca\/la-revolucion-sostenible\/","og_locale":"ca_ES","og_type":"article","og_title":"La Revoluci\u00f3n Sostenible - Calcelinea S.L. - Fabricants de Mitjons","og_description":"La nostra empresa Calcelinea, preocupada pel medi ambient, avui el packaging s'ha convertit en una q\u00fcesti\u00f3 multidisciplinar on entren en joc el disseny, el m\u00e0rqueting, la comunicaci\u00f3, la sostenibilitat, estrat\u00e8gia de vendes, els processos de fabricaci\u00f3, la log\u00edstica i la distribuci\u00f3 dels nostres mitjons i leotards.","og_url":"https:\/\/www.calcetinespersonalizados.es\/ca\/la-revolucion-sostenible\/","og_site_name":"Calcelinea S.L. - Fabricants de Mitjons","article_publisher":"https:\/\/www.facebook.com\/doremi.doremicalcelinea","article_published_time":"2020-01-13T17:26:03+00:00","article_modified_time":"2020-07-24T07:36:47+00:00","og_image":[{"width":750,"height":500,"url":"https:\/\/www.calcetinespersonalizados.es\/wp-content\/uploads\/2020\/01\/medio-ambiente.jpg","type":"image\/jpeg"}],"author":"Ricardo","twitter_card":"summary_large_image","twitter_misc":{"Escrit per":"Ricardo","Temps estimat de lectura":"1 minut"},"schema":{"@context":"https:\/\/schema.org","@graph":[{"@type":"Article","@id":"https:\/\/www.calcetinespersonalizados.es\/ca\/la-revolucion-sostenible\/#article","isPartOf":{"@id":"https:\/\/www.calcetinespersonalizados.es\/ca\/la-revolucion-sostenible\/"},"author":{"name":"Ricardo","@id":"https:\/\/www.calcetinespersonalizados.es\/ca\/#\/schema\/person\/8bcc6def43fcadc082f13ac28556d9fe"},"headline":"La Revoluci\u00f3n Sostenible","datePublished":"2020-01-13T17:26:03+00:00","dateModified":"2020-07-24T07:36:47+00:00","mainEntityOfPage":{"@id":"https:\/\/www.calcetinespersonalizados.es\/ca\/la-revolucion-sostenible\/"},"wordCount":224,"publisher":{"@id":"https:\/\/www.calcetinespersonalizados.es\/ca\/#organization"},"image":{"@id":"https:\/\/www.calcetinespersonalizados.es\/ca\/la-revolucion-sostenible\/#primaryimage"},"thumbnailUrl":"https:\/\/www.calcetinespersonalizados.es\/wp-content\/uploads\/2020\/01\/medio-ambiente.jpg","articleSection":["Noves tend\u00e8ncies"],"inLanguage":"ca"},{"@type":"WebPage","@id":"https:\/\/www.calcetinespersonalizados.es\/ca\/la-revolucion-sostenible\/","url":"https:\/\/www.calcetinespersonalizados.es\/ca\/la-revolucion-sostenible\/","name":"La Revoluci\u00f3n Sostenible - Calcelinea S.L. - Fabricants de Mitjons","isPartOf":{"@id":"https:\/\/www.calcetinespersonalizados.es\/ca\/#website"},"primaryImageOfPage":{"@id":"https:\/\/www.calcetinespersonalizados.es\/ca\/la-revolucion-sostenible\/#primaryimage"},"image":{"@id":"https:\/\/www.calcetinespersonalizados.es\/ca\/la-revolucion-sostenible\/#primaryimage"},"thumbnailUrl":"https:\/\/www.calcetinespersonalizados.es\/wp-content\/uploads\/2020\/01\/medio-ambiente.jpg","datePublished":"2020-01-13T17:26:03+00:00","dateModified":"2020-07-24T07:36:47+00:00","breadcrumb":{"@id":"https:\/\/www.calcetinespersonalizados.es\/ca\/la-revolucion-sostenible\/#breadcrumb"},"inLanguage":"ca","potentialAction":[{"@type":"ReadAction","target":["https:\/\/www.calcetinespersonalizados.es\/ca\/la-revolucion-sostenible\/"]}]},{"@type":"ImageObject","inLanguage":"ca","@id":"https:\/\/www.calcetinespersonalizados.es\/ca\/la-revolucion-sostenible\/#primaryimage","url":"https:\/\/www.calcetinespersonalizados.es\/wp-content\/uploads\/2020\/01\/medio-ambiente.jpg","contentUrl":"https:\/\/www.calcetinespersonalizados.es\/wp-content\/uploads\/2020\/01\/medio-ambiente.jpg","width":750,"height":500,"caption":"Fabricantes de calcetines"},{"@type":"BreadcrumbList","@id":"https:\/\/www.calcetinespersonalizados.es\/ca\/la-revolucion-sostenible\/#breadcrumb","itemListElement":[{"@type":"ListItem","position":1,"name":"Portada","item":"https:\/\/www.calcetinespersonalizados.es\/ca\/"},{"@type":"ListItem","position":2,"name":"La Revoluci\u00f3n Sostenible"}]},{"@type":"WebSite","@id":"https:\/\/www.calcetinespersonalizados.es\/ca\/#website","url":"https:\/\/www.calcetinespersonalizados.es\/ca\/","name":"Calcelinea S.L. - Fabricants de Mitjons","description":"Fabricants de Mitjons","publisher":{"@id":"https:\/\/www.calcetinespersonalizados.es\/ca\/#organization"},"alternateName":"Calcelinea SL","potentialAction":[{"@type":"SearchAction","target":{"@type":"EntryPoint","urlTemplate":"https:\/\/www.calcetinespersonalizados.es\/ca\/?s={search_term_string}"},"query-input":{"@type":"PropertyValueSpecification","valueRequired":true,"valueName":"search_term_string"}}],"inLanguage":"ca"},{"@type":"Organization","@id":"https:\/\/www.calcetinespersonalizados.es\/ca\/#organization","name":"Fabricantes de calcetines personalizados - Calcelinea S.L.","url":"https:\/\/www.calcetinespersonalizados.es\/ca\/","logo":{"@type":"ImageObject","inLanguage":"ca","@id":"https:\/\/www.calcetinespersonalizados.es\/ca\/#\/schema\/logo\/image\/","url":"https:\/\/www.calcetinespersonalizados.es\/wp-content\/uploads\/2017\/12\/logo@x2.png","contentUrl":"https:\/\/www.calcetinespersonalizados.es\/wp-content\/uploads\/2017\/12\/logo@x2.png","width":264,"height":72,"caption":"Fabricantes de calcetines personalizados - Calcelinea S.L."},"image":{"@id":"https:\/\/www.calcetinespersonalizados.es\/ca\/#\/schema\/logo\/image\/"},"sameAs":["https:\/\/www.facebook.com\/doremi.doremicalcelinea"]},{"@type":"Person","@id":"https:\/\/www.calcetinespersonalizados.es\/ca\/#\/schema\/person\/8bcc6def43fcadc082f13ac28556d9fe","name":"Ricardo","image":{"@type":"ImageObject","inLanguage":"ca","@id":"https:\/\/secure.gravatar.com\/avatar\/f8c6ff9944232ce50a007b9bded2a1956f446e004955226ae34724888822972c?s=96&d=mm&r=g","url":"https:\/\/secure.gravatar.com\/avatar\/f8c6ff9944232ce50a007b9bded2a1956f446e004955226ae34724888822972c?s=96&d=mm&r=g","contentUrl":"https:\/\/secure.gravatar.com\/avatar\/f8c6ff9944232ce50a007b9bded2a1956f446e004955226ae34724888822972c?s=96&d=mm&r=g","caption":"Ricardo"},"url":"https:\/\/www.calcetinespersonalizados.es\/ca\/author\/calceroot\/"}]}},"_links":{"self":[{"href":"https:\/\/www.calcetinespersonalizados.es\/ca\/wp-json\/wp\/v2\/posts\/5740","targetHints":{"allow":["GET"]}}],"collection":[{"href":"https:\/\/www.calcetinespersonalizados.es\/ca\/wp-json\/wp\/v2\/posts"}],"about":[{"href":"https:\/\/www.calcetinespersonalizados.es\/ca\/wp-json\/wp\/v2\/types\/post"}],"author":[{"embeddable":true,"href":"https:\/\/www.calcetinespersonalizados.es\/ca\/wp-json\/wp\/v2\/users\/1"}],"replies":[{"embeddable":true,"href":"https:\/\/www.calcetinespersonalizados.es\/ca\/wp-json\/wp\/v2\/comments?post=5740"}],"version-history":[{"count":2,"href":"https:\/\/www.calcetinespersonalizados.es\/ca\/wp-json\/wp\/v2\/posts\/5740\/revisions"}],"predecessor-version":[{"id":5742,"href":"https:\/\/www.calcetinespersonalizados.es\/ca\/wp-json\/wp\/v2\/posts\/5740\/revisions\/5742"}],"wp:featuredmedia":[{"embeddable":true,"href":"https:\/\/www.calcetinespersonalizados.es\/ca\/wp-json\/wp\/v2\/media\/5738"}],"wp:attachment":[{"href":"https:\/\/www.calcetinespersonalizados.es\/ca\/wp-json\/wp\/v2\/media?parent=5740"}],"wp:term":[{"taxonomy":"category","embeddable":true,"href":"https:\/\/www.calcetinespersonalizados.es\/ca\/wp-json\/wp\/v2\/categories?post=5740"},{"taxonomy":"post_tag","embeddable":true,"href":"https:\/\/www.calcetinespersonalizados.es\/ca\/wp-json\/wp\/v2\/tags?post=5740"}],"curies":[{"name":"wp","href":"https:\/\/api.w.org\/{rel}","templated":true}]}}